{"id":318465,"date":"2024-01-03T10:37:05","date_gmt":"2024-01-03T13:37:05","guid":{"rendered":"https:\/\/galeriaazur.art\/?p=318465"},"modified":"2024-01-03T10:44:29","modified_gmt":"2024-01-03T13:44:29","slug":"goin-revisita-la-cuadricula-urbana-2","status":"publish","type":"post","link":"https:\/\/galeriaazur.art\/esp\/press-ar\/goin-revisita-la-cuadricula-urbana-2\/","title":{"rendered":"Un artista retrat\u00f3 a Maradona, Messi y Kempes con barro y los expondr\u00e1 en tres continentes a la vez"},"content":{"rendered":"<p><time class=\"createDate\" datetime=\"2023-12-15T15:25:26-03:00\">15\/12\/2023 15:25hs.<\/time><br \/>\nole.com.ar<br \/>\nDiario Ol\u00e9<\/p>\n<h2 class=\"sc-e441548f-8 LJnB\">Coqui L\u00f3pez revolucionar\u00e1 cinco ciudades con Tres Estrellas Argentina, la muestra que nuclea f\u00fatbol y arte. Mir\u00e1&#8230;<\/h2>\n<p><strong>Coqui L\u00f3pez<\/strong>, un reconocido artista argentino, retrat\u00f3 a\u00a0<strong>Diego Maradona<\/strong>,\u00a0<strong>Lionel Messi<\/strong>\u00a0y\u00a0<strong>Mario Alberto Kempes<\/strong>\u00a0<strong>con barro de los potreros donde cada uno se form\u00f3<\/strong>. En este contexto, presentar\u00e1\u00a0<strong>Tres Estrellas Argentina<\/strong>, una muestra que nuclea f\u00fatbol con arte y expondr\u00e1 cada una de estas piezas.<\/p>\n<div class=\"custom-text\">\n<p>En esta oportunidad,\u00a0<strong>la exposici\u00f3n se presentar\u00e1 este 15 de diciembre en cinco ciudades en simult\u00e1neo<\/strong>\u00a0(<strong>Buenos Aires<\/strong>,\u00a0<strong>Madrid<\/strong>,\u00a0<strong>Berl\u00edn<\/strong>,\u00a0<strong>Nueva York<\/strong>\u00a0y\u00a0<strong>Miami<\/strong>)<strong>\u00a0<\/strong>para mostrar &#8220;el rostro ya consagrado de aquellos pibitos que alguna vez so\u00f1aron con la mayor gloria a la que puede aspirar un futbolista: ser campe\u00f3n del mundo y quedar inmortalizado en la alegr\u00eda popular de su patria&#8221;.<\/p>\n<\/div>\n<div class=\"custom-text\">\n<p>En la edici\u00f3n local, l<strong>a muestra tambi\u00e9n contar\u00e1 con videos que mostrar\u00e1n el detr\u00e1s de escena de cada una de las obras<\/strong>\u00a0para que el p\u00fablico pueda disfrutar y ver el paso a paso del proceso. Adem\u00e1s, cabe destacar que ser\u00e1 una muestra \u00fanica dado que\u00a0<strong>es la primera vez en la historia que un artista argentino expone en cinco puntos del mapa a la vez<\/strong>.<\/p>\n<\/div>\n<div class=\"custom-text\">\n<h2>Tres Estrellas Argentina: cu\u00e1ndo y d\u00f3nde podr\u00e1 verse<\/h2>\n<\/div>\n<div class=\"custom-text\">\n<p>En Argentina\u00a0<strong>la muestra tendr\u00e1 lugar en la Galer\u00eda Azur,<\/strong>\u00a0ubicada sobre la calle Arroyo 981, dentro de la Ciudad Aut\u00f3noma de Buenos Aires.<\/p>\n<\/div>\n<div class=\"custom-text\">\n<p>La exposici\u00f3n\u00a0<strong>estar\u00e1 disponible entre el 15 y el 22 de diciembre<\/strong>\u00a0inclusive y\u00a0<strong>podr\u00e1 visitarse entre las 12 y las 19 horas<\/strong>.<\/p>\n<\/div>\n<p><a href=\"https:\/\/www.ole.com.ar\/seleccion\/maradona-messi-kempes-estrellas-argentina-coquilopez_0_nNkBS5dSft.html\" target=\"_blank\" rel=\"noopener\">ORIGINAL ole.com.ar<\/a><\/p>","protected":false},"excerpt":{"rendered":"<p>Coqui L\u00f3pez, un reconocido artista argentino, retrat\u00f3 a\u00a0Diego Maradona,\u00a0Lionel Messi\u00a0y\u00a0Mario Alberto Kempes\u00a0con barro de los potreros donde cada uno se form\u00f3. En este contexto, presentar\u00e1\u00a0Tres Estrellas Argentina, una muestra que nuclea f\u00fatbol con arte y expondr\u00e1 cada una de estas piezas.<\/p>","protected":false},"author":5,"featured_media":318466,"comment_status":"open","ping_status":"open","sticky":false,"template":"","format":"standard","meta":{"_et_pb_use_builder":"","_et_pb_old_content":"","_et_gb_content_width":""},"categories":[29,30,31,32],"tags":[],"acf":[],"_links":{"self":[{"href":"https:\/\/galeriaazur.art\/esp\/wp-json\/wp\/v2\/posts\/318465"}],"collection":[{"href":"https:\/\/galeriaazur.art\/esp\/wp-json\/wp\/v2\/posts"}],"about":[{"href":"https:\/\/galeriaazur.art\/esp\/wp-json\/wp\/v2\/types\/post"}],"author":[{"embeddable":true,"href":"https:\/\/galeriaazur.art\/esp\/wp-json\/wp\/v2\/users\/5"}],"replies":[{"embeddable":true,"href":"https:\/\/galeriaazur.art\/esp\/wp-json\/wp\/v2\/comments?post=318465"}],"version-history":[{"count":2,"href":"https:\/\/galeriaazur.art\/esp\/wp-json\/wp\/v2\/posts\/318465\/revisions"}],"predecessor-version":[{"id":318469,"href":"https:\/\/galeriaazur.art\/esp\/wp-json\/wp\/v2\/posts\/318465\/revisions\/318469"}],"wp:featuredmedia":[{"embeddable":true,"href":"https:\/\/galeriaazur.art\/esp\/wp-json\/wp\/v2\/media\/318466"}],"wp:attachment":[{"href":"https:\/\/galeriaazur.art\/esp\/wp-json\/wp\/v2\/media?parent=318465"}],"wp:term":[{"taxonomy":"category","embeddable":true,"href":"https:\/\/galeriaazur.art\/esp\/wp-json\/wp\/v2\/categories?post=318465"},{"taxonomy":"post_tag","embeddable":true,"href":"https:\/\/galeriaazur.art\/esp\/wp-json\/wp\/v2\/tags?post=318465"}],"curies":[{"name":"wp","href":"https:\/\/api.w.org\/{rel}","templated":true}]}}