{"id":259122,"date":"2022-09-19T14:59:40","date_gmt":"2022-09-19T17:59:40","guid":{"rendered":"https:\/\/galeriaazur.art\/?p=259122"},"modified":"2022-09-19T15:02:19","modified_gmt":"2022-09-19T18:02:19","slug":"la-exposicion-la-pintura-guiando-al-pueblo-del-melillense-juan-pinilla-llega-a-galeria-azur","status":"publish","type":"post","link":"https:\/\/galeriaazur.art\/esp\/press-ar\/la-exposicion-la-pintura-guiando-al-pueblo-del-melillense-juan-pinilla-llega-a-galeria-azur\/","title":{"rendered":"LA EXPOSICI\u00d3N \u00b4LA PINTURA GUIANDO AL PUEBLO\u00b4 DEL MELILLENSE JUAN PINILLA LLEGA A GALER\u00cdA AZUR"},"content":{"rendered":"<p>El pintor espa\u00f1ol de fama internacional Juan Pinilla expone en Madrid una selecci\u00f3n de sus obras de las \u00faltimas tres d\u00e9cadas a partir del 29 de septiembre y hasta el 13 de octubre. El p\u00fablico podr\u00e1 disfrutar de la exposici\u00f3n \u00b4La pintura guiando al pueblo\u00b4 en la <strong>Galer\u00eda Azur de Madrid<\/strong>. La obra de Pinilla transita el pop, la transvanguardia, el neoexpresionismo, la abstracci\u00f3n\u2026 y un sinf\u00edn de referencias que va asumiendo en su impulso creativo de m\u00e1s de 30 a\u00f1os<\/p>\n<section class=\"elementor-section elementor-top-section elementor-element elementor-element-72d6b18 elementor-section-boxed elementor-section-height-default elementor-section-height-default\" data-id=\"72d6b18\" data-element_type=\"section\" data-settings=\"{&quot;jet_parallax_layout_list&quot;:[]}\">\n<div class=\"elementor-container elementor-column-gap-default\">\n<div class=\"elementor-row\">\n<div class=\"elementor-column elementor-col-100 elementor-top-column elementor-element elementor-element-650f100\" data-id=\"650f100\" data-element_type=\"column\">\n<div class=\"elementor-column-wrap elementor-element-populated\">\n<div class=\"elementor-widget-wrap\">\n<div class=\"elementor-element elementor-element-4c8cc52 elementor-widget elementor-widget-text-editor\" data-id=\"4c8cc52\" data-element_type=\"widget\" data-widget_type=\"text-editor.default\">\n<div class=\"elementor-widget-container\">\n<div class=\"elementor-text-editor elementor-clearfix\">\n<p>El\u00a0<strong>artista melillense Juan Pinilla<\/strong>\u00a0presenta la\u00a0<strong>exposici\u00f3n individual \u00b4La pintura guiando al pueblo\u00b4<\/strong>, bajo el comisariado de Daniel Silvo. La muestra tendr\u00e1 lugar en la sede madrile\u00f1a de\u00a0<strong>Galer\u00eda Azur<\/strong>\u00a0-calle de V\u00e1lgame Dios, 6 (Chueca)-, desde el\u00a0<strong>29 de septiembre hasta el 13 de octubre de 2022<\/strong>.<\/p>\n<p>El evento ser\u00e1 una ocasi\u00f3n \u00fanica para que el p\u00fablico de Madrid pueda apreciar una\u00a0<strong>selecci\u00f3n de obras producidas a lo largo de tres d\u00e9cadas por el pintor espa\u00f1ol de fama internacional<\/strong>. Su trabajo, eminentemente malague\u00f1o, est\u00e1 relacionado con las tendencias figurativas de los 80, descre\u00eddas de los conceptualismos de los 70; desde la\u00a0<strong>sencillez de una pintura creada a fuerza de voluntad<\/strong>, sin engolamiento ni pose,\u00a0<strong>transita las postvanguardias, el neopop, los nuevos expresionismos y algunos juegos conceptuales<\/strong>\u00a0que se cuelan en su obra.<\/p>\n<\/div>\n<\/div>\n<\/div>\n<\/div>\n<\/div>\n<\/div>\n<\/div>\n<\/div>\n<\/section>\n<section class=\"elementor-section elementor-top-section elementor-element elementor-element-ee461ce elementor-section-boxed elementor-section-height-default elementor-section-height-default\" data-id=\"ee461ce\" data-element_type=\"section\" data-settings=\"{&quot;jet_parallax_layout_list&quot;:[]}\">\n<div class=\"elementor-container elementor-column-gap-default\">\n<div class=\"elementor-row\">\n<div class=\"elementor-column elementor-col-100 elementor-top-column elementor-element elementor-element-27ec41b\" data-id=\"27ec41b\" data-element_type=\"column\">\n<div class=\"elementor-column-wrap elementor-element-populated\">\n<div class=\"elementor-widget-wrap\">\n<div class=\"elementor-element elementor-element-5aab627 elementor-widget elementor-widget-image\" data-id=\"5aab627\" data-element_type=\"widget\" data-widget_type=\"image.default\">\n<div class=\"elementor-widget-container\">\n<p>La obra de Juan Pinilla (Melilla, 1956) parece nacer de un impulso puro por pintar. Sus figuraciones, de colorido y trazo neoexpresionistas, recrean\u00a0<strong>escenas de su contexto e intereses: toreros, animales, personajes de la televisi\u00f3n, referencias a la historia del arte, s\u00edmbolos religiosos y profanos, sensuales y personales, pero tambi\u00e9n afronta asuntos pol\u00edticos y humanitarios<\/strong>. Ese impulso pict\u00f3rico, cargado de libertad, es el mismo que recorre toda la pintura europea de los 80, d\u00e9cada en la que \u00e9l empieza a pintar una vez termina sus estudios de enfermer\u00eda y medicina. La\u00a0<strong>transvanguardia italiana y el neoexpresionismo alem\u00e1n<\/strong>\u00a0ocupan con fuerza la escena art\u00edstica internacional, y artistas como Clemente, Baselitz, Paladino o Kippenberger influyen enormemente en los j\u00f3venes pintores que desarrollan su trabajo en esos a\u00f1os.<\/p>\n<p>Los\u00a0<strong>c\u00f3mics y la pintura cl\u00e1sica<\/strong>\u00a0se dejan ver tambi\u00e9n en los temas que aparecen en sus cuadros,\u00a0<strong>confundiendo los l\u00edmites entre alta y baja cultura<\/strong>, lo propio de esa \u00e9poca postmoderna que inundaba la creaci\u00f3n pl\u00e1stica occidental. De este modo, \u00b4La Libertad guiando al pueblo\u00b4 se mezcla con un grupo de toreras o los c\u00f3mics de Oesterheld.<\/p>\n<p>En el fondo de todas estas referencias, planea una\u00a0<strong>preocupaci\u00f3n pol\u00edtica y social<\/strong>\u00a0m\u00e1s profunda de lo que parece a primera vista al observar su pintura. \u00b4El guerrillero\u00b4 que recibe la exposici\u00f3n ya nos pone en preaviso de que, a pesar de la apariencia fauvista y alegre de muchas de las pinturas de Pinilla, sus cuadros est\u00e1n cargados de sensibilidad social.<\/p>\n<\/div>\n<\/div>\n<\/div>\n<\/div>\n<\/div>\n<\/div>\n<\/div>\n<\/section>\n<p>&nbsp;<\/p>\n<p><strong>Impulso creativo<\/strong><\/p>\n<p>Si bien Pinilla se inici\u00f3 en la d\u00e9cada de los 80 con\u00a0<strong>abstracciones en acr\u00edlico sobre papel<\/strong>, muy r\u00e1pidamente pas\u00f3 a la\u00a0<strong>figuraci\u00f3n<\/strong>. Las historias que pod\u00eda contar a trav\u00e9s de la figura le abr\u00edan un inmenso abanico de posibilidades narrativas, usando la l\u00ednea y el color para representar, en los primeros compases de su trayectoria, im\u00e1genes del Coraz\u00f3n de Mar\u00eda, v\u00edrgenes, pero tambi\u00e9n desnudos femeninos y escenas er\u00f3ticas.<\/p>\n<p>Su obra empieza a recorrer Europa hacia los a\u00f1os 90, exponiendo en Hamburgo en varias ocasiones, en Polonia, Italia, etc. Estos viajes y contacto con el arte producido en otros pa\u00edses influyen enormemente en su obra. En esa \u00e9poca tambi\u00e9n comienza a adentrarse en el\u00a0<strong>\u00e1mbito digital<\/strong>. Su inquietud natural le lleva a explorar las incipientes nuevas tecnolog\u00edas, generando\u00a0<strong>retratos e im\u00e1genes por ordenador<\/strong>\u00a0que ilustrar\u00edan sus propios textos po\u00e9ticos y cuentos.<\/p>\n<p>El\u00a0<strong>impulso creativo<\/strong>\u00a0del artista se despliega a lo largo de los a\u00f1os como un r\u00edo:\u00a0<strong>recorriendo aquello que se va encontrando por el camino<\/strong>\u00a0y sin cerrarse a un programa delimitado y definido previamente. En su trabajo encontramos\u00a0<strong>desde referencias pol\u00edticas hasta pintura l\u00edrica de animales y retratos fant\u00e1sticos; desde personajes de c\u00f3mic hasta figuras de la historia del arte<\/strong>.\u00a0<strong>El pop, la transvanguardia, el neoexpresionismo, la abstracci\u00f3n, Chagall, Delacroix, Solana, Motherwell, Goya, Baselitz<\/strong>, son algunas de las referencias que Pinilla va incorporando a su trabajo seg\u00fan va avanzando en su producci\u00f3n.<\/p>\n<p>El\u00a0<strong>color<\/strong>\u00a0en Pinilla es\u00a0<strong>absolutamente significativo. Su paleta es brillante, muy amplia y colorida.<\/strong>\u00a0En algunas pinturas elabora sus superficies con los colores primarios, como si tradujera el neoplasticismo a un lenguaje figurativo y expresionista. En otras ocasiones, elige un color y un tono dominantes y, alrededor de \u00e9l, va componiendo variaciones y dibujando las formas. Otras veces, ensucia superficies planas de color para dotar de vibraci\u00f3n y movimiento la escena. Las estrategias que Pinilla ha ido creando a lo largo de su trayectoria le han llevado a un\u00a0<strong>dominio de los recursos pl\u00e1sticos<\/strong>\u00a0que han hecho de \u00e9l un pintor capaz de expresarse a trav\u00e9s del color de muy diversas maneras.<\/p>\n<p>La\u00a0<strong>\u00faltima experimentaci\u00f3n<\/strong>\u00a0que est\u00e1 llevando a cabo es la de\u00a0<strong>pintar piezas de cer\u00e1mica<\/strong>\u00a0con superficies adecuadamente tratadas, una t\u00e9cnica que le lleva a reunir el acto creativo con el decorativo y el funcional, entroncando as\u00ed no s\u00f3lo con la tradici\u00f3n de la Grecia cl\u00e1sica de la decoraci\u00f3n de utensilios de barro, sino tambi\u00e9n con los trabajos picassianos en cer\u00e1mica o la producci\u00f3n de objetos-arte por parte de artistas europeos como Franz West o los americanos del Pattern &amp; Decoration que trabajaban en los 80 en EE.UU.<\/p>\n<p>&nbsp;<\/p>\n<p>&nbsp;<\/p>\n<p><strong>URBAN BEAT<\/strong><\/p>\n<blockquote class=\"wp-embedded-content\" data-secret=\"CExO5icS4W\"><p><a href=\"https:\/\/urbanbeatcontenidos.es\/la-exposicion-la-pintura-guiando-al-pueblo-del-melillense-juan-pinilla-llega-a-galeria-azur\/\">La Exposici\u00f3n \u00b4La pintura guiando al pueblo\u00b4 del melillense Juan Pinilla llega a  Galer\u00eda Azur<\/a><\/p><\/blockquote>\n<p><iframe class=\"wp-embedded-content\" sandbox=\"allow-scripts\" security=\"restricted\" style=\"position: absolute; clip: rect(1px, 1px, 1px, 1px);\" title=\"\u00abLa Exposici\u00f3n \u00b4La pintura guiando al pueblo\u00b4 del melillense Juan Pinilla llega a  Galer\u00eda Azur\u00bb \u2014 Urban Beat Contenidos\" src=\"https:\/\/urbanbeatcontenidos.es\/la-exposicion-la-pintura-guiando-al-pueblo-del-melillense-juan-pinilla-llega-a-galeria-azur\/embed\/#?secret=eWtk5eni37#?secret=CExO5icS4W\" data-secret=\"CExO5icS4W\" width=\"600\" height=\"338\" frameborder=\"0\" marginwidth=\"0\" marginheight=\"0\" scrolling=\"no\"><\/iframe><\/p>","protected":false},"excerpt":{"rendered":"<p>El pintor espa\u00f1ol de fama internacional Juan Pinilla expone en Madrid una selecci\u00f3n de sus obras de las \u00faltimas tres d\u00e9cadas a partir del 29 de septiembre y hasta el 13 de octubre. El p\u00fablico podr\u00e1 disfrutar de la exposici\u00f3n \u00b4La pintura guiando al pueblo\u00b4 en la Galer\u00eda Azur de Madrid. La obra de Pinilla [&hellip;]<\/p>","protected":false},"author":5,"featured_media":259123,"comment_status":"open","ping_status":"open","sticky":false,"template":"","format":"standard","meta":{"_et_pb_use_builder":"","_et_pb_old_content":"","_et_gb_content_width":""},"categories":[29,30,31,32],"tags":[],"acf":[],"_links":{"self":[{"href":"https:\/\/galeriaazur.art\/esp\/wp-json\/wp\/v2\/posts\/259122"}],"collection":[{"href":"https:\/\/galeriaazur.art\/esp\/wp-json\/wp\/v2\/posts"}],"about":[{"href":"https:\/\/galeriaazur.art\/esp\/wp-json\/wp\/v2\/types\/post"}],"author":[{"embeddable":true,"href":"https:\/\/galeriaazur.art\/esp\/wp-json\/wp\/v2\/users\/5"}],"replies":[{"embeddable":true,"href":"https:\/\/galeriaazur.art\/esp\/wp-json\/wp\/v2\/comments?post=259122"}],"version-history":[{"count":3,"href":"https:\/\/galeriaazur.art\/esp\/wp-json\/wp\/v2\/posts\/259122\/revisions"}],"predecessor-version":[{"id":259127,"href":"https:\/\/galeriaazur.art\/esp\/wp-json\/wp\/v2\/posts\/259122\/revisions\/259127"}],"wp:featuredmedia":[{"embeddable":true,"href":"https:\/\/galeriaazur.art\/esp\/wp-json\/wp\/v2\/media\/259123"}],"wp:attachment":[{"href":"https:\/\/galeriaazur.art\/esp\/wp-json\/wp\/v2\/media?parent=259122"}],"wp:term":[{"taxonomy":"category","embeddable":true,"href":"https:\/\/galeriaazur.art\/esp\/wp-json\/wp\/v2\/categories?post=259122"},{"taxonomy":"post_tag","embeddable":true,"href":"https:\/\/galeriaazur.art\/esp\/wp-json\/wp\/v2\/tags?post=259122"}],"curies":[{"name":"wp","href":"https:\/\/api.w.org\/{rel}","templated":true}]}}