{"id":247097,"date":"2021-03-06T19:25:31","date_gmt":"2021-03-06T19:25:31","guid":{"rendered":"https:\/\/galeriaazur.art\/?p=247097"},"modified":"2022-06-17T19:26:09","modified_gmt":"2022-06-17T19:26:09","slug":"galeria-azur-abrio-un-nuevo-espacio","status":"publish","type":"post","link":"https:\/\/galeriaazur.art\/esp\/press-ar\/galeria-azur-abrio-un-nuevo-espacio\/","title":{"rendered":"Galer\u00eda Azur abri\u00f3 un nuevo espacio"},"content":{"rendered":"<p><strong>Escrito por Sonia Decker<\/strong><\/p>\n<p>Despu\u00e9s de diez a\u00f1os de labor ininterrumpida, Galer\u00eda Azur abri\u00f3 un nuevo espacio en la calle Arroyo 981, el pasado mi\u00e9rcoles 21 de noviembre. Una nutrida concurrencia acompa\u00f1\u00f3 a los hermanos Lucas, Nadia y Tamara Kokogian, j\u00f3venes y entusiastas operadores del mercado, que asumen desde ahora un gran desaf\u00edo inaugurando otra casa de subastas en este tradicional rinc\u00f3n porte\u00f1o. En momentos de incertidumbre, han decidido manejar ambas sedes \u00a0en simult\u00e1neo realizando subastas de naturaleza diversa en cada una de ellas. En la calle Arroyo se exhiben piezas de grandes maestros del arte argentino y en las salas de Arenales continuar\u00e1n con los \u00a0remates tradicionales frecuentados por un p\u00fablico consecuente.<\/p>\n<p>Artistas de la talla de Benito Quinquela Mart\u00edn, Osvaldo Imperiale, Jose Malanca, Antonio Berni, R\u00f3mulo Maccio, Leopoldo Presas, Ernesto Deira, Victor Chab y Carlos Gorriarena entre otros ser\u00e1n subastados el mi\u00e9rcoles 28 de noviembre a las 19 y 30 horas.<\/p>\n<p>Entre estas piezas bien seleccionadas se destaca una interesante obra de Osvaldo Imperiale titulada \u201cDia de sol \u201c, fechada en 1939, de 130 x 138 cms. Imperiale, destacado pintor autodidacta (Bs As. 1913-1977) vinculado a la est\u00e9tica de Quinquela Mart\u00edn, recorri\u00f3 con sus \u00e1giles pinceladas la ribera boquense, reflejando la intensa actividad producto de la fuerte y laboriosa inmigraci\u00f3n italiana que desembarc\u00f3 en el Riachuelo porte\u00f1o.<\/p>\n<p>En esta obra Imperiale maneja las luces de una ma\u00f1ana de trabajo\u00a0con absoluta maestr\u00eda, permiti\u00e9ndose audaces contrastes\u00a0entre colores primarios y secundarios, que crean un fuerte impacto visual. Una gran proa naranja y rojiza protagoniza el plano de fondo, que deja entrever un horizonte lejano lleno de luz. Proas multicolores se enfrentan a un gran plano donde se desarrolla la tarea esforzada del estibador portuario. Las distintas l\u00edneas verticales y las m\u00faltiples diagonales que trazan los cabos marinos, fragmentan el espacio dinamizando la composici\u00f3n d\u00e1ndole vida y movimiento. Las gr\u00faas representan el potencial de un pa\u00eds en crecimiento constante.<\/p>\n<p>La obra saldr\u00e1 a remate con una base de 12.000 d\u00f3lares.<\/p>\n<p>\u201cEl toreador\u201d de Victor Chab, una excelente obra de 1988 expuesta en el Palais de Glace en 2002 durante la retrospectiva dedicada al artista, es un claro ejemplo de buena selecci\u00f3n. Sus importantes medidas (150\u00d7180) , suman a\u00fan mayores ventajas a esta pieza de gran calidad, donde Chab resuelve con gran oficio una nueva forma de figuraci\u00f3n. Las veladuras logradas a trav\u00e9s del collage y las delicadas capas de \u00f3leo, otorgan al conjunto un acabado refinado y sutil . La pieza sale a remate con 7.500 d\u00f3lares de base.<\/p>\n<p>Auguramos a estos j\u00f3venes emprendedores un futuro venturoso, bien merecido por este gran esfuerzo familiar conjunto. El apostar por el pa\u00eds en este momento deber\u00eda ser coronado con el \u00e9xito que logran \u00a0todos aquellos que no bajan los brazos a pesar de las dificultades.<\/p>\n<p>Original:\u00a0<a href=\"http:\/\/trastiendaplus.com\/galeria-azur-abrio-in-nuevo-espacio\/\" target=\"_blank\" rel=\"noreferrer noopener\">Trastiendaplus.com<\/a><\/p>","protected":false},"excerpt":{"rendered":"<p>Escrito por Sonia Decker Despu\u00e9s de diez a\u00f1os de labor ininterrumpida, Galer\u00eda Azur abri\u00f3 un nuevo espacio en la calle Arroyo 981, el pasado mi\u00e9rcoles 21 de noviembre. Una nutrida concurrencia acompa\u00f1\u00f3 a los hermanos Lucas, Nadia y Tamara Kokogian, j\u00f3venes y entusiastas operadores del mercado, que asumen desde ahora un gran desaf\u00edo inaugurando otra [&hellip;]<\/p>","protected":false},"author":1,"featured_media":247098,"comment_status":"open","ping_status":"open","sticky":false,"template":"","format":"standard","meta":{"_et_pb_use_builder":"","_et_pb_old_content":"","_et_gb_content_width":""},"categories":[29,30,31,32],"tags":[],"acf":[],"_links":{"self":[{"href":"https:\/\/galeriaazur.art\/esp\/wp-json\/wp\/v2\/posts\/247097"}],"collection":[{"href":"https:\/\/galeriaazur.art\/esp\/wp-json\/wp\/v2\/posts"}],"about":[{"href":"https:\/\/galeriaazur.art\/esp\/wp-json\/wp\/v2\/types\/post"}],"author":[{"embeddable":true,"href":"https:\/\/galeriaazur.art\/esp\/wp-json\/wp\/v2\/users\/1"}],"replies":[{"embeddable":true,"href":"https:\/\/galeriaazur.art\/esp\/wp-json\/wp\/v2\/comments?post=247097"}],"version-history":[{"count":1,"href":"https:\/\/galeriaazur.art\/esp\/wp-json\/wp\/v2\/posts\/247097\/revisions"}],"predecessor-version":[{"id":247099,"href":"https:\/\/galeriaazur.art\/esp\/wp-json\/wp\/v2\/posts\/247097\/revisions\/247099"}],"wp:featuredmedia":[{"embeddable":true,"href":"https:\/\/galeriaazur.art\/esp\/wp-json\/wp\/v2\/media\/247098"}],"wp:attachment":[{"href":"https:\/\/galeriaazur.art\/esp\/wp-json\/wp\/v2\/media?parent=247097"}],"wp:term":[{"taxonomy":"category","embeddable":true,"href":"https:\/\/galeriaazur.art\/esp\/wp-json\/wp\/v2\/categories?post=247097"},{"taxonomy":"post_tag","embeddable":true,"href":"https:\/\/galeriaazur.art\/esp\/wp-json\/wp\/v2\/tags?post=247097"}],"curies":[{"name":"wp","href":"https:\/\/api.w.org\/{rel}","templated":true}]}}