{"id":247094,"date":"2021-03-06T19:24:47","date_gmt":"2021-03-06T19:24:47","guid":{"rendered":"https:\/\/galeriaazur.art\/?p=247094"},"modified":"2022-06-17T19:25:21","modified_gmt":"2022-06-17T19:25:21","slug":"galerias-en-artbo-un-encuentro-intimo-con-el-autor","status":"publish","type":"post","link":"https:\/\/galeriaazur.art\/esp\/press-ar\/galerias-en-artbo-un-encuentro-intimo-con-el-autor\/","title":{"rendered":"Galer\u00edas en ArtBo: un encuentro \u00edntimo con el autor"},"content":{"rendered":"<p><a href=\"https:\/\/www.elespectador.com\/noticias\/cultura\">Cultura<\/a>. Por:\u00a0Karen Viviana Rodr\u00edguez Rojas<\/p>\n<p>La Feria Internacional de Arte de Bogot\u00e1, que se realizar\u00e1 del 27 al 30 de octubre, dedica en sus secciones un lugar especial a las galer\u00edas nacionales.<\/p>\n<p>A mediados de 1948, en el centro de la capital colombiana, Galer\u00edas de Arte de Bogot\u00e1 abri\u00f3 sus puertas y se convirti\u00f3 en el primer lugar de exhibici\u00f3n de pinturas y esculturas en Colombia. Fueron los hermanos Rubio Cuervo quienes, en colaboraci\u00f3n con una junta asesora conformada por artistas e intelectuales, hicieron de este espacio el primer lugar comercial y de promoci\u00f3n de la pintura.<\/p>\n<p>El establecimiento, que contaba con dos salas de exposici\u00f3n \u2014y estaba ubicado en la 5\u00aa con 61 de la avenida Jim\u00e9nez\u2014 en su primer a\u00f1o present\u00f3 aproximadamente 800 obras en 17 muestras. Los pintores y escultores que hab\u00edan realizado hasta entonces exposiciones en salones del Ministerio de Educaci\u00f3n o de ciertos grupos sociales, encontraron en Galer\u00edas de Arte el sitio en donde sus obras eran representadas y entraban en contacto con el espectador. Por sus salas pasaron artistas internacionales como Picasso y Chagall, y colombianos como Hernando Tejada, Marco Ospina, Luis Alberto Acu\u00f1a, Alejandro Obreg\u00f3n, Guillermo Wiedemann, Eduardo Ram\u00edrez Villamizar y Carlos Correa, entre otros.<\/p>\n<p>Su objetivo era organizar muestras, comercializar obras, difundir a los artistas en medios y hacer parte de exposiciones a nivel internacional, premisas que las nuevas galer\u00edas han mantenido, haciendo de este espacio el lugar donde el p\u00fablico local puede acercarse y adquirir obras.<\/p>\n<p>Han pasado 65 a\u00f1os desde que Galer\u00edas de Arte vio su \u00faltima exposici\u00f3n. Sin embargo, las artes pl\u00e1sticas no se han visto desprotegidas, pues han nacido entidades de trayectoria como Galer\u00eda de la Oficina, Galer\u00eda Sextante y la Galer\u00eda Beatriz Esguerra. Pero en todo el proceso de promoci\u00f3n de artistas, espacios nuevos como la galer\u00eda Beta y el Instituto de Visi\u00f3n \u2014escogidos por tercer a\u00f1o por el comit\u00e9 de selecci\u00f3n de la feria\u2014 han abierto sus puertas para presentar una nueva propuesta al p\u00fablico.<\/p>\n<p>\u201cSomos una galer\u00eda que se encarga de promover artistas del interior del pa\u00eds. Trabajamos en su mayor\u00eda con quienes se dedican al arte abstracto geom\u00e9trico y algunos de arte conceptual. Lo que hacemos es traer su obra a Bogot\u00e1, que es el espacio centralizado del mercado\u201d, explica Daniela Camero Rosso, quien cre\u00f3 la galer\u00eda Beta en 2014, en compa\u00f1\u00eda de Lucas Kokogian.<\/p>\n<p>En ese mismo a\u00f1o, en el barrio San Luis de Bogot\u00e1, naci\u00f3 el Instituto de Visi\u00f3n, una iniciativa de cuatro mujeres: Karen Abreu, Omayra Alvarado, Beatriz L\u00f3pez y Mar\u00eda Wills, que siendo curadoras, historiadoras de arte y artistas pl\u00e1sticas se interesaron no s\u00f3lo por tener un espacio comercial, sino tambi\u00e9n por dedicar un lugar especial a la investigaci\u00f3n.<\/p>\n<p>\u201cTenemos un inter\u00e9s te\u00f3rico de mostrar a los artistas que creemos importantes para hacer un aporte a la discusi\u00f3n del arte contempor\u00e1neo. Nuestros dos programas son Artistas j\u00f3venes y mediana carrera, en donde representamos artistas latinoamericanos. El segundo es un grupo de investigaci\u00f3n que se llama Visionarios; con \u00e9l nos dedicamos a trabajar con artistas que produjeron su obra entre los 60 y 80, pero que hoy no son tan conocidos\u201d, comenta Omayra Alvarado, del Instituto de Visi\u00f3n.<\/p>\n<p>Ambas galer\u00edas asumen un compromiso cultural que va m\u00e1s all\u00e1 de vender: el de acercar el arte al p\u00fablico para que \u00e9ste pueda contemplarlo en su forma m\u00e1s pura. Por eso estos escenarios buscan tener en s\u00ed mismos un detalle que los haga \u00fanicos. As\u00ed como el Instituto de Visi\u00f3n se caracteriza por el programa Visionarios, la galer\u00eda Beta presenta una rama dedicada al arte urbano para que \u00e9ste ya no quede a puerta cerrada, sino que haga parte del espacio p\u00fablico.<\/p>\n<p>Todas estas estrategias permiten que el trabajo de los artistas est\u00e9 en un continuo contacto con el espectador, en un momento en el que pareciera que las piezas de arte han perdido su valor. Nos encontramos con que las diversas t\u00e9cnicas, no s\u00f3lo la pintura o la escultura, se abren paso en el campo art\u00edstico. Por ello, el Instituto de Visi\u00f3n exalta el inter\u00e9s por el video, la fotograf\u00eda o las instalaciones, considerando que este es el resultado de la investigaci\u00f3n de cada artista que se interesa porque su obra sea conservada y para ello necesita ser expuesta.<\/p>\n<p>Las galer\u00edas se han convertido en el lugar en donde el coleccionista o interesado por el arte se encuentra de forma \u00edntima con el autor, lo conoce, lo analiza y adquiere.<\/p>\n<p>Por eso, en la edici\u00f3n n\u00famero 12 de ArtBo, la Feria Internacional de Arte de Bogot\u00e1, tanto las galer\u00edas j\u00f3venes como las de trayectoria tendr\u00e1n un lugar especial para exponer lo mejor de quienes de alg\u00fan modo habitan en su casa, sus galer\u00edas.<\/p>\n<p>Beta presentar\u00e1 cuatro artistas: Guillermo Marconi, Diego Mendoza Imbachi, Larry Mu\u00f1oz y Alba Triana. De forma alterna, en el espacio principal de la galer\u00eda tendr\u00e1n una muestra de Alba Triana.<\/p>\n<p>Por su parte, el Instituto de Visi\u00f3n estar\u00e1 con Miguel \u00c1ngel C\u00e1rdenas, Alicia Barney, Felipe Arturo, Carolina Caycedo, Sebasti\u00e1n Fierro, Alberto Lezaca, Sandra Llano-Mej\u00eda, Ofelia Rodr\u00edguez y Daniel Santiago Salguero.<\/p>\n<p>Original:\u00a0<a href=\"https:\/\/www.elespectador.com\/noticias\/cultura\/galerias-en-artbo-un-encuentro-intimo-con-el-autor\/\" target=\"_blank\" rel=\"noreferrer noopener\">El Espectador<\/a><\/p>","protected":false},"excerpt":{"rendered":"<p>Cultura. Por:\u00a0Karen Viviana Rodr\u00edguez Rojas La Feria Internacional de Arte de Bogot\u00e1, que se realizar\u00e1 del 27 al 30 de octubre, dedica en sus secciones un lugar especial a las galer\u00edas nacionales. A mediados de 1948, en el centro de la capital colombiana, Galer\u00edas de Arte de Bogot\u00e1 abri\u00f3 sus puertas y se convirti\u00f3 en [&hellip;]<\/p>","protected":false},"author":1,"featured_media":247095,"comment_status":"open","ping_status":"open","sticky":false,"template":"","format":"standard","meta":{"_et_pb_use_builder":"","_et_pb_old_content":"","_et_gb_content_width":""},"categories":[29,30,31,32],"tags":[],"acf":[],"_links":{"self":[{"href":"https:\/\/galeriaazur.art\/esp\/wp-json\/wp\/v2\/posts\/247094"}],"collection":[{"href":"https:\/\/galeriaazur.art\/esp\/wp-json\/wp\/v2\/posts"}],"about":[{"href":"https:\/\/galeriaazur.art\/esp\/wp-json\/wp\/v2\/types\/post"}],"author":[{"embeddable":true,"href":"https:\/\/galeriaazur.art\/esp\/wp-json\/wp\/v2\/users\/1"}],"replies":[{"embeddable":true,"href":"https:\/\/galeriaazur.art\/esp\/wp-json\/wp\/v2\/comments?post=247094"}],"version-history":[{"count":1,"href":"https:\/\/galeriaazur.art\/esp\/wp-json\/wp\/v2\/posts\/247094\/revisions"}],"predecessor-version":[{"id":247096,"href":"https:\/\/galeriaazur.art\/esp\/wp-json\/wp\/v2\/posts\/247094\/revisions\/247096"}],"wp:featuredmedia":[{"embeddable":true,"href":"https:\/\/galeriaazur.art\/esp\/wp-json\/wp\/v2\/media\/247095"}],"wp:attachment":[{"href":"https:\/\/galeriaazur.art\/esp\/wp-json\/wp\/v2\/media?parent=247094"}],"wp:term":[{"taxonomy":"category","embeddable":true,"href":"https:\/\/galeriaazur.art\/esp\/wp-json\/wp\/v2\/categories?post=247094"},{"taxonomy":"post_tag","embeddable":true,"href":"https:\/\/galeriaazur.art\/esp\/wp-json\/wp\/v2\/tags?post=247094"}],"curies":[{"name":"wp","href":"https:\/\/api.w.org\/{rel}","templated":true}]}}