{"id":247042,"date":"2021-05-14T19:05:33","date_gmt":"2021-05-14T19:05:33","guid":{"rendered":"https:\/\/galeriaazur.art\/?p=247042"},"modified":"2022-06-17T19:05:57","modified_gmt":"2022-06-17T19:05:57","slug":"la-barrera-los-toros-no-necesitan-la-excusa-del-arte","status":"publish","type":"post","link":"https:\/\/galeriaazur.art\/esp\/press-ar\/la-barrera-los-toros-no-necesitan-la-excusa-del-arte\/","title":{"rendered":"La barrera: Los toros no necesitan la excusa del arte"},"content":{"rendered":"<p>Los toros no necesitan la excusa del arte. Expresan realidades a las que el mundo no ha reservado un lugar, pero persisten<\/p>\n<p>Entras en el laberinto. Sabes que est\u00e1s so\u00f1ando. El h\u00e9roe corre delante de ti con la espada desenvainada y la capa hasta entrar en el pasillo ciego. Escuchas los bufidos de un monstruo semihumano, emboscado, los cuernos a\u00f1aden una imprecaci\u00f3n que se\u00f1ala a los dioses, sus ojos desorbitados reflejan en un gran angular por \u00faltima vez el mundo.\u00a0<strong>Teseo<\/strong>\u00a0cumple y el\u00a0<strong>Minotauro<\/strong>\u00a0cae. Luego se limpia las manos en las paredes, trazos bermejos. Entonces te despiertas. Piensas en la pared manchada, la gestualidad. La sangre. Pero la tauromaquia no es un sue\u00f1o, es otra cosa. Es una intimidad, una danza,\u00a0<strong>una liturgia con la muerte que ha logrado sobrevivir<\/strong>. Y cambia todo, tambi\u00e9n a nosotros, de lugar. Ni\u00a0falta que hace saber que miramos un laberinto redondo como un reloj de arena desde una grada de un templo antiguo.<\/p>\n<p>Como bien dice\u00a0<strong>Rosa Belmonte<\/strong>\u00a0y demuestran las fotograf\u00edas de\u00a0<strong>Andr\u00e9s Calamaro<\/strong>, los toros no necesitan la excusa del arte. Expresan, precisamente, realidades a las que el mundo no ha reservado un lugar, pero persisten, como el bufido del toro al pasar. No son mitos encerrados en libros, ni sangre en sue\u00f1os o pantallas. Por las dehesas de Netflix no corren toros. Y cuando no hay toros la plaza es s\u00f3lo la barrera. En realidad, en la realidad, el \u00fanico trampantojo que hace tolerable una liturgia sin l\u00edmites.<\/p>\n<p>Original:\u00a0<a href=\"https:\/\/www.abc.es\/cultura\/cultural\/abci-jesus-garcia-calero-barrera-202105141245_noticia.html\" target=\"_blank\" rel=\"noopener\">Diario ABC<\/a><\/p>","protected":false},"excerpt":{"rendered":"<p>Los toros no necesitan la excusa del arte. Expresan realidades a las que el mundo no ha reservado un lugar, pero persisten Entras en el laberinto. Sabes que est\u00e1s so\u00f1ando. El h\u00e9roe corre delante de ti con la espada desenvainada y la capa hasta entrar en el pasillo ciego. Escuchas los bufidos de un monstruo [&hellip;]<\/p>","protected":false},"author":1,"featured_media":247043,"comment_status":"open","ping_status":"open","sticky":false,"template":"","format":"standard","meta":{"_et_pb_use_builder":"","_et_pb_old_content":"","_et_gb_content_width":""},"categories":[29,30,31,32],"tags":[],"acf":[],"_links":{"self":[{"href":"https:\/\/galeriaazur.art\/esp\/wp-json\/wp\/v2\/posts\/247042"}],"collection":[{"href":"https:\/\/galeriaazur.art\/esp\/wp-json\/wp\/v2\/posts"}],"about":[{"href":"https:\/\/galeriaazur.art\/esp\/wp-json\/wp\/v2\/types\/post"}],"author":[{"embeddable":true,"href":"https:\/\/galeriaazur.art\/esp\/wp-json\/wp\/v2\/users\/1"}],"replies":[{"embeddable":true,"href":"https:\/\/galeriaazur.art\/esp\/wp-json\/wp\/v2\/comments?post=247042"}],"version-history":[{"count":1,"href":"https:\/\/galeriaazur.art\/esp\/wp-json\/wp\/v2\/posts\/247042\/revisions"}],"predecessor-version":[{"id":247044,"href":"https:\/\/galeriaazur.art\/esp\/wp-json\/wp\/v2\/posts\/247042\/revisions\/247044"}],"wp:featuredmedia":[{"embeddable":true,"href":"https:\/\/galeriaazur.art\/esp\/wp-json\/wp\/v2\/media\/247043"}],"wp:attachment":[{"href":"https:\/\/galeriaazur.art\/esp\/wp-json\/wp\/v2\/media?parent=247042"}],"wp:term":[{"taxonomy":"category","embeddable":true,"href":"https:\/\/galeriaazur.art\/esp\/wp-json\/wp\/v2\/categories?post=247042"},{"taxonomy":"post_tag","embeddable":true,"href":"https:\/\/galeriaazur.art\/esp\/wp-json\/wp\/v2\/tags?post=247042"}],"curies":[{"name":"wp","href":"https:\/\/api.w.org\/{rel}","templated":true}]}}