{"id":247030,"date":"2021-05-14T18:55:12","date_gmt":"2021-05-14T18:55:12","guid":{"rendered":"https:\/\/galeriaazur.art\/?p=247030"},"modified":"2022-06-17T19:00:02","modified_gmt":"2022-06-17T19:00:02","slug":"andres-calamaro-plasma-su-pasion-taurina-en-una-exposicion-fotografica-2","status":"publish","type":"post","link":"https:\/\/galeriaazur.art\/esp\/sin-categoria\/andres-calamaro-plasma-su-pasion-taurina-en-una-exposicion-fotografica-2\/","title":{"rendered":"Andr\u00e9s Calamaro plasma su pasi\u00f3n taurina en una exposici\u00f3n fotogr\u00e1fica"},"content":{"rendered":"<div>\n<p>La muestra, titulada \u201cDevenir toro\u201d y expuesta en la Galer\u00eda Azur, se compone de una veintena de im\u00e1genes en las que el m\u00fasico capta distintos momentos tanto de la lidia en la plaza como de aspectos que rodean a la tauromaquia, siempre en un expresivo formato de blanco y negro.<\/p>\n<p>\u201cLa idea -declara a EFE Calamaro- era reflejar todo el proceso desde que el toro pasta gloriosamente en el campo hasta que muere con la misma gloria, como el reflejo de ese tr\u00e1nsito que es la propia vida y con los momentos deslumbrantes de la corrida, que siempre me ha parecido m\u00e1s que un espect\u00e1culo, sino un hondo ritual\u201d.<\/p>\n<p>Las fotograf\u00edas de la exposici\u00f3n han sido elegidas, \u201centre cientos\u201d, por el cr\u00edtico de arte argentino, afincado en Londres, Rodrigo Ca\u00f1ete, que las califica como \u201cla circuncisi\u00f3n en tiempos de guerras culturales\u201d.<\/p>\n<p>\u201cEn el centro de las guerras de correcci\u00f3n pol\u00edtica -afirma Ca\u00f1ete en el texto que abre la muestra- est\u00e1 el c\u00edrculo de arena de una plaza de toros. Otro c\u00edrculo, esta vez transparente, hace foco, de la mano del artista, en una ofrenda sacrificial pero solo para mostrar fragmentos\u201d.<\/p>\n<p>La mayor\u00eda de las fotograf\u00edas de Calamaro corresponde a actuaciones de sus toreros predilectos, con los que tiene adem\u00e1s gran amistad: Jos\u00e9 Tom\u00e1s, Morante de la Puebla y Alejandro Talavante, que estuvo presente en la inauguraci\u00f3n junto al tambi\u00e9n matador de toros Paco Ure\u00f1a y el m\u00fasico David Summers.<\/p>\n<p>\u201cVer torear juntos a Jos\u00e9 Tom\u00e1s y a Morante -explicaba a EFE Calamaro, tambi\u00e9n gran aficionado al f\u00fatbol- es como ver jugar juntos a Messi y a Maradona: uno que camina sobre las aguas y otro que siempre asombra por su genialidad. En cambio, Talavante es como Benezem\u00e1: un poeta de la t\u00e9cnica\u201d.<\/p>\n<p>De todas las im\u00e1genes expuestas, el roquero est\u00e1 especialmente orgulloso de las tomadas durante la actuaci\u00f3n de Jos\u00e9 Tom\u00e1s en el anfiteatro romano de Nimes en mayo de 2012, cuando se encerr\u00f3 con seis toros en una corrida matinal para la historia.<\/p>\n<p>En una de ellas, un lance en el que solo aparecen las manos del torero, una parte del bordado de la taleguilla y un cuerno del toro, Calamaro dice haber descubierto que \u201cel capote de Jos\u00e9 Tom\u00e1s est\u00e1 hecho de una tela distinta a la que usan los dem\u00e1s toreros, se nota en el reflejo de la luz y en la suavidad con que lo mueve\u201d.<\/p>\n<p>El propio m\u00fasico argentino, visiblemente emocionado por su trabajo fotogr\u00e1fico, asegura que la exposici\u00f3n, que estar\u00e1 abierta durante todo el mes de mayo, tendr\u00e1 continuidad en un amplio libro de pr\u00f3xima aparici\u00f3n.<\/p>\n<\/div>\n<p>Original:\u00a0<a href=\"https:\/\/www.efe.com\/efe\/espana\/cultura\/andres-calamaro-plasma-su-pasion-taurina-en-una-exposicion-fotografica\/10005-4536654\" target=\"_blank\" rel=\"noopener\">y<\/a>ahoo! Vida y estilo<\/p>","protected":false},"excerpt":{"rendered":"<p>Madrid, 14 may (EFE).- El roquero argentino Andr\u00e9s Calamaro refleja su gran afici\u00f3n a los toros en una exposici\u00f3n de fotograf\u00edas que realiz\u00f3 durante las temporadas previas a la pandemia en plazas de Espa\u00f1a, Francia, M\u00e9xico y Colombia, y que se exhibe desde hoy en el barrio madrile\u00f1o de Chueca.<\/p>","protected":false},"author":1,"featured_media":247027,"comment_status":"open","ping_status":"open","sticky":false,"template":"","format":"standard","meta":{"_et_pb_use_builder":"","_et_pb_old_content":"","_et_gb_content_width":""},"categories":[29,30,31,32,1],"tags":[],"acf":[],"_links":{"self":[{"href":"https:\/\/galeriaazur.art\/esp\/wp-json\/wp\/v2\/posts\/247030"}],"collection":[{"href":"https:\/\/galeriaazur.art\/esp\/wp-json\/wp\/v2\/posts"}],"about":[{"href":"https:\/\/galeriaazur.art\/esp\/wp-json\/wp\/v2\/types\/post"}],"author":[{"embeddable":true,"href":"https:\/\/galeriaazur.art\/esp\/wp-json\/wp\/v2\/users\/1"}],"replies":[{"embeddable":true,"href":"https:\/\/galeriaazur.art\/esp\/wp-json\/wp\/v2\/comments?post=247030"}],"version-history":[{"count":1,"href":"https:\/\/galeriaazur.art\/esp\/wp-json\/wp\/v2\/posts\/247030\/revisions"}],"predecessor-version":[{"id":247034,"href":"https:\/\/galeriaazur.art\/esp\/wp-json\/wp\/v2\/posts\/247030\/revisions\/247034"}],"wp:featuredmedia":[{"embeddable":true,"href":"https:\/\/galeriaazur.art\/esp\/wp-json\/wp\/v2\/media\/247027"}],"wp:attachment":[{"href":"https:\/\/galeriaazur.art\/esp\/wp-json\/wp\/v2\/media?parent=247030"}],"wp:term":[{"taxonomy":"category","embeddable":true,"href":"https:\/\/galeriaazur.art\/esp\/wp-json\/wp\/v2\/categories?post=247030"},{"taxonomy":"post_tag","embeddable":true,"href":"https:\/\/galeriaazur.art\/esp\/wp-json\/wp\/v2\/tags?post=247030"}],"curies":[{"name":"wp","href":"https:\/\/api.w.org\/{rel}","templated":true}]}}